{"id":3039,"date":"2016-04-15T16:23:14","date_gmt":"2016-04-15T16:23:14","guid":{"rendered":"http:\/\/www.visionpubl.com\/it\/?p=3039"},"modified":"2016-08-10T12:59:41","modified_gmt":"2016-08-10T12:59:41","slug":"foro-mercati-traiano","status":"publish","type":"post","link":"https:\/\/www.visionpubl.com\/it\/citta\/roma\/foro-mercati-traiano\/","title":{"rendered":"Il Foro e i Mercati di Traiano"},"content":{"rendered":"<h2>Il Foro di Traiano<\/h2>\n<p>Il <strong>Foro di Traiano<\/strong> \u00e8 il pi\u00f9 grandioso e scenografico dei <strong>Fori Imperiali di Roma<\/strong>, l&#8217;ultimo in ordine cronologico.<\/p>\n<p>Il complesso del Foro, inaugurato nel 112 d.C., \u00e8 stato un inno al trionfo dell\u2019<strong><a href=\"https:\/\/it.wikipedia.org\/wiki\/Traiano\" target=\"_blank\">imperatore Traiano<\/a><\/strong> sui barbari Daci, popolazioni che vivevano nelle regioni dell\u2019attuale Romania.<\/p>\n<p><img src=\"http:\/\/www.visionpubl.com\/it\/wp-content\/uploads\/sites\/2\/2016\/04\/Trajan_Forum.jpg\" alt=\"Foro di Traiano\" \/><br \/>\n<em>Fonte: photo di <a href=\"https:\/\/commons.wikimedia.org\/wiki\/User:MRB\" target=\"_blank\">Markus Bernet<\/a>, 07\/13\/2004<\/em><\/p>\n<p>Durante il regno di Traiano, l\u2019<strong><a href=\"https:\/\/it.wikipedia.org\/wiki\/Impero_romano\" target=\"_blank\">impero romano<\/a><\/strong> tocc\u00f2 l\u2019apice della sua potenza e della sua espansione territoriale, con un ulteriore consistente incremento dell\u2019attivit\u00e0 burocratica e giudiziaria nella capitale: fu quindi necessario ampliare le strutture destinate all&#8217;amministrazione della giustizia e ai rapporti con le province.<\/p>\n<p>Il Foro, lungo complessivamente 300m e largo 185m, era caratterizzato da una architettura innovativa. Comprendeva al suo interno la <strong>Basilica Ulpia<\/strong> (dal nome di Marco Ulpio Traiano), l\u2019edificio civile destinato allo svolgimento dei processi; le <strong>biblioteche<\/strong> e la magnifica <strong>colonna<\/strong> onoraria.<\/p>\n<p>Il complesso venne terminato dall&#8217;<strong><a href=\"https:\/\/it.wikipedia.org\/wiki\/Adriano\" target=\"_blank\">imperatore Adriano<\/a><\/strong> (117 \u2013 138 d.C.) con la costruzione di un tempio dedicato a <strong>Traiano<\/strong> e a sua moglie Plotina, entrambi divinizzati, che viene tradizionalmente collocato a nord della Colonna, nel sottosuolo del palazzo ove trova attualmente sede la <strong>provincia di Roma<\/strong>.<\/p>\n<h2>I Mercati di Traiano<\/h2>\n<p><strong>I Mercati di Traiano<\/strong> costituiscono un esteso ed articolato complesso di edifici di epoca romana nella citt\u00e0 di <strong>Roma<\/strong>.<\/p>\n<p>Costruiti agli inizi del II secolo d.C. per volere di <strong>Traiano<\/strong>, si collocano come una cerniera tra il quartiere antico e popolare della <strong>Subura<\/strong> (oggi rione Monti) e la<strong> valle dei Fori<\/strong>.<\/p>\n<p>Da un lato servivano\u00a0a sostenere e foderare le pendici estreme del <strong>Quirinale<\/strong>, regolarizzate per fare posto <strong>al Foro di Traiano<\/strong>;\u00a0dall&#8217;altro avevano lo scopo di superare i 40 metri di dislivello con un\u2019ardita soluzione ingegneristica.<\/p>\n\t\t<div class=\"juxtapose\" data-startingposition=\"50\" data-showlabels=\"1\" data-showcredits=\"1\" data-animate=\"1\" data-mode=\"horizontal\" style=\"width: ;\">\r\n\t\t  <img src=\"http:\/\/www.visionpubl.com\/it\/wp-content\/uploads\/sites\/2\/2016\/04\/mercati-base.jpg\" data-label=\"\" data-credit=\"\">\r\n\t\t  <img src=\"http:\/\/www.visionpubl.com\/it\/wp-content\/uploads\/sites\/2\/2016\/04\/mercati-ric.jpg\" data-label=\"\" data-credit=\"\">\r\n\t\t<\/div>\n<p>I Mercati si articolano su ben <strong>sei livelli distribuiti in due settori<\/strong>, inferiore e superiore. Le comunicazioni sono assicurate in orizzontale da tre strade pedonali, mentre i collegamenti verticali sono coordinati dalle scale interne ed esterne.<\/p>\n<p>Il complesso dei Mercati di Traiano ospitava <strong>uffici amministrativi<\/strong> preposti alle attivit\u00e0 che si svolgevano nel foro. Negli ambienti del &#8220;Corpo centrale&#8221; doveva aver sede il <em>procurator Fori Traiani<\/em>, responsabile del funzionamento del foro di Traiano.<\/p>\n<p>La posizione topografica e la disponibilit\u00e0 di spazi notevoli per quantit\u00e0 e qualit\u00e0 hanno favorito il costante riuso dei \u201cMercati\u201d: da sede di prestigiose famiglie romane a <strong>Castellum Miliciae<\/strong>, con la costruzione in pi\u00f9 fasi della poderosa <strong>Torre delle Milizie<\/strong>, ad una completa trasformazione in convento dell\u2019Ordine delle Dominicane di <strong>S. Caterina da Siena<\/strong>, fino alla rioccupazione dopo Roma capitale con una caserma.<\/p>\n<p>Attualmente la nuova destinazione d\u2019uso per il complesso \u00e8 sede del <strong><a href=\"http:\/\/www.mercatiditraiano.it\/\" target=\"_blank\">Museo dei Fori Imperiali<\/a><\/strong>.<\/p>\n<p><strong>Il Museo dei Fori Imperiali <\/strong>racconta la monumentale <strong>architettura romana,<\/strong> quella delle sue massime realizzazioni.<\/p>\n<p>Nelle sale del museo sono presentati alcuni reperti significativi dei cinque Fori; ci sono inoltre due sezioni dedicate ai Fori di Cesare e di Augusto.<\/p>\n<p>Il museo si avvale di un sistema di comunicazione misto, con pannelli tradizionali e video che utilizzano tecnologie multimediali, con lo scopo di riproporre il collegamento tra i materiali esposti, l&#8217;aspetto antico degli edifici a cui appartenevano e i resti di essi conservati nelle aree archeologiche.<\/p>\n<div class=\"blog-cta\">\n<div class=\"book-image\"><img src=\"http:\/\/www.visionpubl.com\/it\/wp-content\/uploads\/sites\/2\/2016\/03\/GUI-COL-ITA-2.png\" alt=\"\" \/><\/div>\n<p>Vuoi conoscere la\u00a0<strong>storia\u00a0del Foro e dei Mercati di Traiano<\/strong> e vedere <strong>com&#8217;erano<\/strong>\u00a0<strong>originariamente<\/strong>\u00a0<strong>i monumenti dell&#8217;Antica Roma<\/strong>?<\/p>\n<p>Scopri la nostra <a href=\"\/it\/guide-turistiche\/roma\/\" target=\"_blank\">guida di Roma, con ricostruzioni storiche dei Mercati di Traiano, del Pantheon, del Colosseo<\/a> e di tutte le principali aree storiche e archeologiche della citt\u00e0 eterna.<\/p>\n<div class=\"vai-alla-guida\"><a class=\"btn btn-default\" href=\"\/it\/guide-turistiche\/roma\/\">Scopri ora la guida<\/a><\/div>\n<\/div>\n<h2>Informazioni utili<\/h2>\n<p>Di seguito sono riportate alcune informazioni utili per visitare il Foro e i Mercati di Traiano.<\/p>\n<ul>\n<li>Il <a href=\"https:\/\/it.wikipedia.org\/wiki\/Foro_di_Traiano\" target=\"_blank\">Foro di Traiano<\/a> e i <a href=\"https:\/\/it.wikipedia.org\/wiki\/Mercati_di_Traiano\" target=\"_blank\">Mercati di Traiano<\/a> su Wikipedia<\/li>\n<li><a href=\"http:\/\/www.mercatiditraiano.it\/informazioni_pratiche\/orari_e_indirizzi\" target=\"_blank\">Orari di apertura<\/a><\/li>\n<li><a href=\"http:\/\/www.mercatiditraiano.it\/informazioni_pratiche\/biglietti_e_audioguide\" target=\"_blank\">Biglietti<\/a><\/li>\n<\/ul>\n<h2>Dove si trova e come arrivarci<\/h2>\n<p>Di seguito riportiamo dove\u00a0si trovano il Foro e i Mercati di Traiano e <a href=\"https:\/\/www.google.it\/maps\/dir\/Stazione+Termini,+Piazza+dei+Cinquecento,+Roma,+RM\/Via+dei+Fori+Imperiali,+Foro+Traiano,+00186+Roma\/@41.8970654,12.4830977,15z\/data=!3m1!4b1!4m14!4m13!1m5!1m1!1s0x132f61a439c0ffef:0xa4307dbef261a994!2m2!1d12.501659!2d41.900577!1m5!1m1!1s0x132f61b333ae7fb7:0xcd9952c5c3d3c4e6!2m2!1d12.4853366!2d41.8951795!3e3\" target=\"_blank\">come arrivarci dalla stazione Termini<\/a>.<\/p>\n<p><iframe loading=\"lazy\" style=\"border: 0;\" src=\"https:\/\/www.google.com\/maps\/embed?pb=!1m18!1m12!1m3!1d2969.891824510026!2d12.483147914642224!3d41.89518347232538!2m3!1f0!2f0!3f0!3m2!1i1024!2i768!4f13.1!3m3!1m2!1s0x132f61b333ae7fb7%3A0xcd9952c5c3d3c4e6!2sForo+Traiano!5e0!3m2!1sit!2sit!4v1460737366401\" width=\"600\" height=\"450\" frameborder=\"0\" allowfullscreen=\"allowfullscreen\"><\/iframe><\/p>\n","protected":false},"excerpt":{"rendered":"<p>Il Foro di Traiano Il Foro di Traiano \u00e8 il pi\u00f9 grandioso e scenografico dei Fori Imperiali di Roma, l&#8217;ultimo in ordine cronologico. Il complesso del Foro, inaugurato nel 112 d.C., \u00e8 stato un inno al trionfo dell\u2019imperatore Traiano sui barbari Daci, popolazioni che vivevano nelle regioni dell\u2019attuale Romania. Fonte: photo di Markus Bernet, 07\/13\/2004 [&hellip;]<\/p>\n","protected":false},"author":1,"featured_media":3191,"comment_status":"open","ping_status":"open","sticky":false,"template":"","format":"standard","meta":[],"categories":[178,175],"tags":[],"_links":{"self":[{"href":"https:\/\/www.visionpubl.com\/it\/wp-json\/wp\/v2\/posts\/3039"}],"collection":[{"href":"https:\/\/www.visionpubl.com\/it\/wp-json\/wp\/v2\/posts"}],"about":[{"href":"https:\/\/www.visionpubl.com\/it\/wp-json\/wp\/v2\/types\/post"}],"author":[{"embeddable":true,"href":"https:\/\/www.visionpubl.com\/it\/wp-json\/wp\/v2\/users\/1"}],"replies":[{"embeddable":true,"href":"https:\/\/www.visionpubl.com\/it\/wp-json\/wp\/v2\/comments?post=3039"}],"version-history":[{"count":6,"href":"https:\/\/www.visionpubl.com\/it\/wp-json\/wp\/v2\/posts\/3039\/revisions"}],"predecessor-version":[{"id":3187,"href":"https:\/\/www.visionpubl.com\/it\/wp-json\/wp\/v2\/posts\/3039\/revisions\/3187"}],"wp:featuredmedia":[{"embeddable":true,"href":"https:\/\/www.visionpubl.com\/it\/wp-json\/wp\/v2\/media\/3191"}],"wp:attachment":[{"href":"https:\/\/www.visionpubl.com\/it\/wp-json\/wp\/v2\/media?parent=3039"}],"wp:term":[{"taxonomy":"category","embeddable":true,"href":"https:\/\/www.visionpubl.com\/it\/wp-json\/wp\/v2\/categories?post=3039"},{"taxonomy":"post_tag","embeddable":true,"href":"https:\/\/www.visionpubl.com\/it\/wp-json\/wp\/v2\/tags?post=3039"}],"curies":[{"name":"wp","href":"https:\/\/api.w.org\/{rel}","templated":true}]}}